{"id":1483,"date":"2019-10-11T18:37:20","date_gmt":"2019-10-11T16:37:20","guid":{"rendered":"https:\/\/unijaserviseraklima.rs\/?p=1483"},"modified":"2020-12-06T20:20:14","modified_gmt":"2020-12-06T18:20:14","slug":"cetvrta-skupstina-unije-servisera-klimatizacije","status":"publish","type":"post","link":"https:\/\/unijaserviseraklima.rs\/index.php\/2019\/10\/11\/cetvrta-skupstina-unije-servisera-klimatizacije\/","title":{"rendered":"\u010cETVRTA SKUP\u0160TINA UNIJE SERVISERA KLIMATIZACIJE"},"content":{"rendered":"\n<p>Hvala svim \u010dlanovima koji su odvojili malo vremena da uspe\u0161no i jako produktivno odr\u017eimo na\u0161u \u010detvrtu Skup\u0161tinu po redu u Tehni\u010dkoj \u0161koli u \u017delezniku.<\/p>\n\n\n\n<div class=\"wp-block-buttons is-layout-flex wp-block-buttons-is-layout-flex\">\n<div class=\"wp-block-button ticss-10d7982a\"><a class=\"wp-block-button__link has-black-color has-white-background-color has-text-color has-background no-border-radius\" href=\"https:\/\/unijaserviseraklima.rs\/index.php\/galerija\/#cetvrta_skupstina\" target=\"_blank\" rel=\"noreferrer noopener\">Pogledaj sve slike<\/a><\/div>\n<\/div>\n\n\n\n<p><\/p>\n","protected":false},"excerpt":{"rendered":"<p>Hvala svim \u010dlanovima koji su odvojili malo vremena da uspe\u0161no i jako produktivno odr\u017eimo na\u0161u \u010detvrtu Skup\u0161tinu po redu u Tehni\u010dkoj \u0161koli u \u017delezniku.<\/p>\n","protected":false},"author":3,"featured_media":1484,"comment_status":"closed","ping_status":"closed","sticky":false,"template":"","format":"standard","meta":{"_jetpack_memberships_contains_paid_content":false,"footnotes":""},"categories":[7],"tags":[30],"class_list":["post-1483","post","type-post","status-publish","format-standard","has-post-thumbnail","hentry","category-organizacija","tag-skupstina-unije-servisera-klimatizacije"],"jetpack_featured_media_url":"https:\/\/unijaserviseraklima.rs\/wp-content\/uploads\/2020\/11\/4.skupstina-unije.jpg","jetpack_sharing_enabled":true,"_links":{"self":[{"href":"https:\/\/unijaserviseraklima.rs\/index.php\/wp-json\/wp\/v2\/posts\/1483","targetHints":{"allow":["GET"]}}],"collection":[{"href":"https:\/\/unijaserviseraklima.rs\/index.php\/wp-json\/wp\/v2\/posts"}],"about":[{"href":"https:\/\/unijaserviseraklima.rs\/index.php\/wp-json\/wp\/v2\/types\/post"}],"author":[{"embeddable":true,"href":"https:\/\/unijaserviseraklima.rs\/index.php\/wp-json\/wp\/v2\/users\/3"}],"replies":[{"embeddable":true,"href":"https:\/\/unijaserviseraklima.rs\/index.php\/wp-json\/wp\/v2\/comments?post=1483"}],"version-history":[{"count":2,"href":"https:\/\/unijaserviseraklima.rs\/index.php\/wp-json\/wp\/v2\/posts\/1483\/revisions"}],"predecessor-version":[{"id":1712,"href":"https:\/\/unijaserviseraklima.rs\/index.php\/wp-json\/wp\/v2\/posts\/1483\/revisions\/1712"}],"wp:featuredmedia":[{"embeddable":true,"href":"https:\/\/unijaserviseraklima.rs\/index.php\/wp-json\/wp\/v2\/media\/1484"}],"wp:attachment":[{"href":"https:\/\/unijaserviseraklima.rs\/index.php\/wp-json\/wp\/v2\/media?parent=1483"}],"wp:term":[{"taxonomy":"category","embeddable":true,"href":"https:\/\/unijaserviseraklima.rs\/index.php\/wp-json\/wp\/v2\/categories?post=1483"},{"taxonomy":"post_tag","embeddable":true,"href":"https:\/\/unijaserviseraklima.rs\/index.php\/wp-json\/wp\/v2\/tags?post=1483"}],"curies":[{"name":"wp","href":"https:\/\/api.w.org\/{rel}","templated":true}]}}